{"id":4781,"date":"2022-09-22T10:58:51","date_gmt":"2022-09-22T08:58:51","guid":{"rendered":"https:\/\/xtro-ateliers.de\/?p=4781"},"modified":"2022-09-22T11:29:47","modified_gmt":"2022-09-22T09:29:47","slug":"breaking-points-in-den-reinbeckhallen","status":"publish","type":"post","link":"https:\/\/xtro-ateliers.de\/index.php\/breaking-points-in-den-reinbeckhallen\/","title":{"rendered":"Breaking Points in den Reinbeckhallen"},"content":{"rendered":"\t\t<div data-elementor-type=\"wp-post\" data-elementor-id=\"4781\" class=\"elementor elementor-4781\">\n\t\t\t\t\t\t<section class=\"elementor-section elementor-top-section elementor-element elementor-element-e856b81 elementor-section-boxed elementor-section-height-default elementor-section-height-default\" data-id=\"e856b81\" data-element_type=\"section\">\n\t\t\t\t\t\t<div class=\"elementor-container elementor-column-gap-default\">\n\t\t\t\t\t<div class=\"elementor-column elementor-col-100 elementor-top-column elementor-element elementor-element-2fc6b54\" data-id=\"2fc6b54\" data-element_type=\"column\">\n\t\t\t<div class=\"elementor-widget-wrap elementor-element-populated\">\n\t\t\t\t\t\t<div class=\"elementor-element elementor-element-c7af390 elementor-widget elementor-widget-image\" data-id=\"c7af390\" data-element_type=\"widget\" data-widget_type=\"image.default\">\n\t\t\t\t<div class=\"elementor-widget-container\">\n\t\t\t\t\t\t\t\t\t\t\t\t\t\t\t<img fetchpriority=\"high\" decoding=\"async\" width=\"750\" height=\"532\" src=\"https:\/\/xtro-ateliers.de\/wp-content\/uploads\/2022\/09\/Breaking-Points-Einladung_Seite_1-1024x726.jpg\" class=\"attachment-large size-large wp-image-4783\" alt=\"\" srcset=\"https:\/\/xtro-ateliers.de\/wp-content\/uploads\/2022\/09\/Breaking-Points-Einladung_Seite_1-1024x726.jpg 1024w, https:\/\/xtro-ateliers.de\/wp-content\/uploads\/2022\/09\/Breaking-Points-Einladung_Seite_1-300x213.jpg 300w, https:\/\/xtro-ateliers.de\/wp-content\/uploads\/2022\/09\/Breaking-Points-Einladung_Seite_1-768x545.jpg 768w, https:\/\/xtro-ateliers.de\/wp-content\/uploads\/2022\/09\/Breaking-Points-Einladung_Seite_1.jpg 1166w\" sizes=\"(max-width: 750px) 100vw, 750px\" \/>\t\t\t\t\t\t\t\t\t\t\t\t\t\t\t<\/div>\n\t\t\t\t<\/div>\n\t\t\t\t\t<\/div>\n\t\t<\/div>\n\t\t\t\t\t<\/div>\n\t\t<\/section>\n\t\t\t\t<section class=\"elementor-section elementor-top-section elementor-element elementor-element-49ddda5 elementor-section-boxed elementor-section-height-default elementor-section-height-default\" data-id=\"49ddda5\" data-element_type=\"section\">\n\t\t\t\t\t\t<div class=\"elementor-container elementor-column-gap-default\">\n\t\t\t\t\t<div class=\"elementor-column elementor-col-100 elementor-top-column elementor-element elementor-element-46b6785\" data-id=\"46b6785\" data-element_type=\"column\">\n\t\t\t<div class=\"elementor-widget-wrap elementor-element-populated\">\n\t\t\t\t\t\t<div class=\"elementor-element elementor-element-13f9fe3 elementor-widget elementor-widget-text-editor\" data-id=\"13f9fe3\" data-element_type=\"widget\" data-widget_type=\"text-editor.default\">\n\t\t\t\t<div class=\"elementor-widget-container\">\n\t\t\t\t\t\t\t\t\t<p>Vier K\u00fcnstler:innen, die ihre Arbeitsst\u00e4tten in den XTRO-Ateliers auf dem Gel\u00e4nde der Rathenauhallen in Berlin Obersch\u00f6neweide haben, stellen ihre aktuellen Arbeiten aus den Bereichen Malerei, Installation und Skulptur vor.<\/p>\t\t\t\t\t\t\t\t<\/div>\n\t\t\t\t<\/div>\n\t\t\t\t\t<\/div>\n\t\t<\/div>\n\t\t\t\t\t<\/div>\n\t\t<\/section>\n\t\t\t\t<section class=\"elementor-section elementor-top-section elementor-element elementor-element-9554af6 elementor-section-boxed elementor-section-height-default elementor-section-height-default\" data-id=\"9554af6\" data-element_type=\"section\">\n\t\t\t\t\t\t<div class=\"elementor-container elementor-column-gap-default\">\n\t\t\t\t\t<div class=\"elementor-column elementor-col-100 elementor-top-column elementor-element elementor-element-d3556f6\" data-id=\"d3556f6\" data-element_type=\"column\">\n\t\t\t<div class=\"elementor-widget-wrap elementor-element-populated\">\n\t\t\t\t\t\t<div class=\"elementor-element elementor-element-78d356b elementor-widget elementor-widget-text-editor\" data-id=\"78d356b\" data-element_type=\"widget\" data-widget_type=\"text-editor.default\">\n\t\t\t\t<div class=\"elementor-widget-container\">\n\t\t\t\t\t\t\t\t\t<p>Vernissage: 13. Oktober 2022 ab 19 Uhr<br \/>Finissage: 6. November 2022 11 bis 20 Uhr<\/p><p>Ausstellung vom 14.10. bis 6.11.2022<br \/>Do &#8211; Fr: 16 bis 20 Uhr<br \/>Sa &#8211; So: 11 bis 20 Uhr<\/p><p>Reinbeckhallen<br \/>Reinbeckstr. 11<br \/>12459 Berlin<\/p>\t\t\t\t\t\t\t\t<\/div>\n\t\t\t\t<\/div>\n\t\t\t\t\t<\/div>\n\t\t<\/div>\n\t\t\t\t\t<\/div>\n\t\t<\/section>\n\t\t\t\t<section class=\"elementor-section elementor-top-section elementor-element elementor-element-2ba78f2 elementor-section-boxed elementor-section-height-default elementor-section-height-default\" data-id=\"2ba78f2\" data-element_type=\"section\">\n\t\t\t\t\t\t<div class=\"elementor-container elementor-column-gap-default\">\n\t\t\t\t\t<div class=\"elementor-column elementor-col-100 elementor-top-column elementor-element elementor-element-dad692f\" data-id=\"dad692f\" data-element_type=\"column\">\n\t\t\t<div class=\"elementor-widget-wrap elementor-element-populated\">\n\t\t\t\t\t\t<div class=\"elementor-element elementor-element-2b50d49 elementor-widget elementor-widget-text-editor\" data-id=\"2b50d49\" data-element_type=\"widget\" data-widget_type=\"text-editor.default\">\n\t\t\t\t<div class=\"elementor-widget-container\">\n\t\t\t\t\t\t\t\t\t<p>Ila Wingen, Steffen Blunk, Michael Koch und Jochen Schlick arbeiten schon l\u00e4ngere Zeit zusammen. Fig\u00fcrliche Darstellungen sind ihre gemeinsame Basis. Die vier haben<br>inzwischen einen Grad von Vertrautheit erreicht, der es ihnen gestattet, sich unvoreingenommen den jeweils anderen Werken zu \u00f6ffnen und ihnen auf den Grund zu gehen.<\/p>\n<p>Die vergleichende Pr\u00e4sentation ist auch eine gute \u00dcbung in Beurteilung und Einsch\u00e4tzung der eigenen Gedankenwelt &#8211; f\u00fcr die vier K\u00fcnstler:innen selbst, vor allem aber auch f\u00fcr die Besucher:innen der Ausstellung.<\/p>\n<h4>Worum geht es in dieser Ausstellung?<\/h4>\n<p>Es geht um Entdeckungen, die unter der Oberfl\u00e4che von Kunstwerken wahrgenommen werden k\u00f6nnen. Die Arbeiten enthalten immer Brechungen, die den Betrachter:innen die M\u00f6glichkeit, den Raum er\u00f6ffnen, sich Gedanken \u00fcber die eigene Interpretation zu machen.<\/p>\n<p>Dabei werden Sehgewohnheiten und Konventionen hinterfragt. \u201eJa, aber\u2026\u201c \u2013 das wird die \u00fcberwiegende Reaktion beim Betrachten der ausgestellten Werke sein. Die Besch\u00e4ftigung mit den verschiedenen Sichtweisen der Ausstellenden bietet die Chance, eigene Haltungen zu hinterfragen und zu \u00e4ndern.<\/p>\t\t\t\t\t\t\t\t<\/div>\n\t\t\t\t<\/div>\n\t\t\t\t\t<\/div>\n\t\t<\/div>\n\t\t\t\t\t<\/div>\n\t\t<\/section>\n\t\t\t\t<section class=\"elementor-section elementor-top-section elementor-element elementor-element-685064c elementor-section-boxed elementor-section-height-default elementor-section-height-default\" data-id=\"685064c\" data-element_type=\"section\">\n\t\t\t\t\t\t<div class=\"elementor-container elementor-column-gap-default\">\n\t\t\t\t\t<div class=\"elementor-column elementor-col-100 elementor-top-column elementor-element elementor-element-b38a8db\" data-id=\"b38a8db\" data-element_type=\"column\">\n\t\t\t<div class=\"elementor-widget-wrap elementor-element-populated\">\n\t\t\t\t\t\t<section class=\"elementor-section elementor-inner-section elementor-element elementor-element-f2ce355 elementor-section-boxed elementor-section-height-default elementor-section-height-default\" data-id=\"f2ce355\" data-element_type=\"section\">\n\t\t\t\t\t\t<div class=\"elementor-container elementor-column-gap-default\">\n\t\t\t\t\t<div class=\"elementor-column elementor-col-50 elementor-inner-column elementor-element elementor-element-ea40b53\" data-id=\"ea40b53\" data-element_type=\"column\">\n\t\t\t<div class=\"elementor-widget-wrap elementor-element-populated\">\n\t\t\t\t\t\t<div class=\"elementor-element elementor-element-1185b92 elementor-widget elementor-widget-image\" data-id=\"1185b92\" data-element_type=\"widget\" data-widget_type=\"image.default\">\n\t\t\t\t<div class=\"elementor-widget-container\">\n\t\t\t\t\t\t\t\t\t\t\t\t\t\t\t<img decoding=\"async\" width=\"476\" height=\"574\" src=\"https:\/\/xtro-ateliers.de\/wp-content\/uploads\/2022\/09\/Wingen.jpg\" class=\"attachment-large size-large wp-image-4798\" alt=\"\" srcset=\"https:\/\/xtro-ateliers.de\/wp-content\/uploads\/2022\/09\/Wingen.jpg 476w, https:\/\/xtro-ateliers.de\/wp-content\/uploads\/2022\/09\/Wingen-249x300.jpg 249w\" sizes=\"(max-width: 476px) 100vw, 476px\" \/>\t\t\t\t\t\t\t\t\t\t\t\t\t\t\t<\/div>\n\t\t\t\t<\/div>\n\t\t\t\t<div class=\"elementor-element elementor-element-a961402 elementor-widget elementor-widget-heading\" data-id=\"a961402\" data-element_type=\"widget\" data-widget_type=\"heading.default\">\n\t\t\t\t<div class=\"elementor-widget-container\">\n\t\t\t\t\t<h4 class=\"elementor-heading-title elementor-size-default\">Ila Wingen<\/h4>\t\t\t\t<\/div>\n\t\t\t\t<\/div>\n\t\t\t\t<div class=\"elementor-element elementor-element-73b5ec8 elementor-widget elementor-widget-text-editor\" data-id=\"73b5ec8\" data-element_type=\"widget\" data-widget_type=\"text-editor.default\">\n\t\t\t\t<div class=\"elementor-widget-container\">\n\t\t\t\t\t\t\t\t\t<p>Der eigene wie auch der fremde K\u00f6rper in Relation zu &#8222;Raum&#8220; ist ein grundlegendes Thema der K\u00fcnstlerin <strong>Ila Wingen<\/strong>. &#8222;Raum&#8220; bezeichnet hier den Spannungsraum von Privatheit und \u00d6ffentlichkeit. K\u00f6rper per se wird in Frage gestellt: seine Form, sein Ausdruck, seine Zugeh\u00f6rigkeit sowie der Dialog, der durch K\u00f6rper selbst entsteht. Malerei, abstrakt, konkret, fig\u00fcrlich bis hin zur Installation von Objekten sind einige der Ausdrucksmittel der K\u00fcnstlerin.<\/p>\t\t\t\t\t\t\t\t<\/div>\n\t\t\t\t<\/div>\n\t\t\t\t<div class=\"elementor-element elementor-element-2835344 elementor-widget elementor-widget-image\" data-id=\"2835344\" data-element_type=\"widget\" data-widget_type=\"image.default\">\n\t\t\t\t<div class=\"elementor-widget-container\">\n\t\t\t\t\t\t\t\t\t\t\t\t\t\t\t<img decoding=\"async\" width=\"595\" height=\"425\" src=\"https:\/\/xtro-ateliers.de\/wp-content\/uploads\/2022\/09\/Koch.jpg\" class=\"attachment-large size-large wp-image-4797\" alt=\"\" srcset=\"https:\/\/xtro-ateliers.de\/wp-content\/uploads\/2022\/09\/Koch.jpg 595w, https:\/\/xtro-ateliers.de\/wp-content\/uploads\/2022\/09\/Koch-300x214.jpg 300w\" sizes=\"(max-width: 595px) 100vw, 595px\" \/>\t\t\t\t\t\t\t\t\t\t\t\t\t\t\t<\/div>\n\t\t\t\t<\/div>\n\t\t\t\t<div class=\"elementor-element elementor-element-6796a84 elementor-widget elementor-widget-heading\" data-id=\"6796a84\" data-element_type=\"widget\" data-widget_type=\"heading.default\">\n\t\t\t\t<div class=\"elementor-widget-container\">\n\t\t\t\t\t<h4 class=\"elementor-heading-title elementor-size-default\">Michael Koch<\/h4>\t\t\t\t<\/div>\n\t\t\t\t<\/div>\n\t\t\t\t<div class=\"elementor-element elementor-element-78305b2 elementor-widget elementor-widget-text-editor\" data-id=\"78305b2\" data-element_type=\"widget\" data-widget_type=\"text-editor.default\">\n\t\t\t\t<div class=\"elementor-widget-container\">\n\t\t\t\t\t\t\t\t\t<p>Die Skulpturen von Michael Koch wirken durch die Materialit\u00e4t Keramik zun\u00e4chst wie Abbilder von Fossilien oder Larven. Ihm geht es dabei um die Frage: was k\u00f6nnte sein? Wie m\u00f6gen sie ausgesehen haben, die ersten Wesen, als sie vor Millionen von Jahren den Ozean verlie\u00dfen? Seine Figuren sind voller Sinnlichkeit und regen die Phantasie der Betrachter:innen an.<\/p>\t\t\t\t\t\t\t\t<\/div>\n\t\t\t\t<\/div>\n\t\t\t\t\t<\/div>\n\t\t<\/div>\n\t\t\t\t<div class=\"elementor-column elementor-col-50 elementor-inner-column elementor-element elementor-element-dec743f\" data-id=\"dec743f\" data-element_type=\"column\">\n\t\t\t<div class=\"elementor-widget-wrap elementor-element-populated\">\n\t\t\t\t\t\t<div class=\"elementor-element elementor-element-d0e9023 elementor-widget elementor-widget-image\" data-id=\"d0e9023\" data-element_type=\"widget\" data-widget_type=\"image.default\">\n\t\t\t\t<div class=\"elementor-widget-container\">\n\t\t\t\t\t\t\t\t\t\t\t\t\t\t\t<img loading=\"lazy\" decoding=\"async\" width=\"750\" height=\"525\" src=\"https:\/\/xtro-ateliers.de\/wp-content\/uploads\/2022\/09\/ohne_Titel_06_20-1024x717.jpg\" class=\"attachment-large size-large wp-image-4800\" alt=\"\" srcset=\"https:\/\/xtro-ateliers.de\/wp-content\/uploads\/2022\/09\/ohne_Titel_06_20-1024x717.jpg 1024w, https:\/\/xtro-ateliers.de\/wp-content\/uploads\/2022\/09\/ohne_Titel_06_20-300x210.jpg 300w, https:\/\/xtro-ateliers.de\/wp-content\/uploads\/2022\/09\/ohne_Titel_06_20-768x538.jpg 768w, https:\/\/xtro-ateliers.de\/wp-content\/uploads\/2022\/09\/ohne_Titel_06_20.jpg 1200w\" sizes=\"(max-width: 750px) 100vw, 750px\" \/>\t\t\t\t\t\t\t\t\t\t\t\t\t\t\t<\/div>\n\t\t\t\t<\/div>\n\t\t\t\t<div class=\"elementor-element elementor-element-588692f elementor-widget elementor-widget-heading\" data-id=\"588692f\" data-element_type=\"widget\" data-widget_type=\"heading.default\">\n\t\t\t\t<div class=\"elementor-widget-container\">\n\t\t\t\t\t<h4 class=\"elementor-heading-title elementor-size-default\">Steffen Blunk<\/h4>\t\t\t\t<\/div>\n\t\t\t\t<\/div>\n\t\t\t\t<div class=\"elementor-element elementor-element-0390ca2 elementor-widget elementor-widget-text-editor\" data-id=\"0390ca2\" data-element_type=\"widget\" data-widget_type=\"text-editor.default\">\n\t\t\t\t<div class=\"elementor-widget-container\">\n\t\t\t\t\t\t\t\t\t<p>Steffen Blunk untersucht in seiner Malerei das Selbst- und Fremdbild idealtypischer Frauen. Durch das Herausschnitzen der Figuren aus den auf Holz gemalten Bildern legt Blunk tiefere Schichten frei \u2013 wortw\u00f6rtlich im Holz, symbolisch unter der Haut. Und so bricht er<br \/>das Makellose der Oberfl\u00e4che auf und zeigt Verletzliches, Verletztes dahinter.<\/p>\t\t\t\t\t\t\t\t<\/div>\n\t\t\t\t<\/div>\n\t\t\t\t<div class=\"elementor-element elementor-element-f5a1cc4 elementor-widget elementor-widget-image\" data-id=\"f5a1cc4\" data-element_type=\"widget\" data-widget_type=\"image.default\">\n\t\t\t\t<div class=\"elementor-widget-container\">\n\t\t\t\t\t\t\t\t\t\t\t\t\t\t\t<img loading=\"lazy\" decoding=\"async\" width=\"447\" height=\"537\" src=\"https:\/\/xtro-ateliers.de\/wp-content\/uploads\/2022\/09\/Schlick.jpg\" class=\"attachment-large size-large wp-image-4796\" alt=\"\" srcset=\"https:\/\/xtro-ateliers.de\/wp-content\/uploads\/2022\/09\/Schlick.jpg 447w, https:\/\/xtro-ateliers.de\/wp-content\/uploads\/2022\/09\/Schlick-250x300.jpg 250w\" sizes=\"(max-width: 447px) 100vw, 447px\" \/>\t\t\t\t\t\t\t\t\t\t\t\t\t\t\t<\/div>\n\t\t\t\t<\/div>\n\t\t\t\t<div class=\"elementor-element elementor-element-226f47d elementor-widget elementor-widget-heading\" data-id=\"226f47d\" data-element_type=\"widget\" data-widget_type=\"heading.default\">\n\t\t\t\t<div class=\"elementor-widget-container\">\n\t\t\t\t\t<h4 class=\"elementor-heading-title elementor-size-default\">Jochen Schlick<\/h4>\t\t\t\t<\/div>\n\t\t\t\t<\/div>\n\t\t\t\t<div class=\"elementor-element elementor-element-5fc6a41 elementor-widget elementor-widget-text-editor\" data-id=\"5fc6a41\" data-element_type=\"widget\" data-widget_type=\"text-editor.default\">\n\t\t\t\t<div class=\"elementor-widget-container\">\n\t\t\t\t\t\t\t\t\t<p>Mit Malerei und Fotografie greift Jochen Schlick die Ver\u00e4nderung des Umgangs mit Begehren und Suche nach N\u00e4he im digitalen Zeitalter auf. Er thematisiert die immer gleichen Posen der Nutzer auf Instagram und Co. und bricht sie mit Ironie. Die Figuren sind zwar sexy, aber als Selbstdarsteller wirken sie alles andere als souver\u00e4n.<\/p>\t\t\t\t\t\t\t\t<\/div>\n\t\t\t\t<\/div>\n\t\t\t\t\t<\/div>\n\t\t<\/div>\n\t\t\t\t\t<\/div>\n\t\t<\/section>\n\t\t\t\t\t<\/div>\n\t\t<\/div>\n\t\t\t\t\t<\/div>\n\t\t<\/section>\n\t\t\t\t<\/div>\n\t\t","protected":false},"excerpt":{"rendered":"<p>Vier K\u00fcnstler:innen, die ihre Arbeitsst\u00e4tten in den XTRO-Ateliers auf dem Gel\u00e4nde der Rathenauhallen in Berlin Obersch\u00f6neweide haben, stellen ihre aktuellen Arbeiten aus den Bereichen Malerei, Installation und Skulptur vor. Vernissage: 13. Oktober 2022 ab 19 UhrFinissage: 6. November 2022 11 bis 20 Uhr Ausstellung vom 14.10. bis 6.11.2022Do &#8211; Fr:<a class=\"moretag\" href=\"https:\/\/xtro-ateliers.de\/index.php\/breaking-points-in-den-reinbeckhallen\/\"> Weiterlesen<\/a><\/p>\n","protected":false},"author":1,"featured_media":4783,"comment_status":"closed","ping_status":"open","sticky":false,"template":"","format":"standard","meta":{"footnotes":""},"categories":[1],"tags":[],"class_list":["post-4781","post","type-post","status-publish","format-standard","has-post-thumbnail","hentry","category-allgemein"],"_links":{"self":[{"href":"https:\/\/xtro-ateliers.de\/index.php\/wp-json\/wp\/v2\/posts\/4781","targetHints":{"allow":["GET"]}}],"collection":[{"href":"https:\/\/xtro-ateliers.de\/index.php\/wp-json\/wp\/v2\/posts"}],"about":[{"href":"https:\/\/xtro-ateliers.de\/index.php\/wp-json\/wp\/v2\/types\/post"}],"author":[{"embeddable":true,"href":"https:\/\/xtro-ateliers.de\/index.php\/wp-json\/wp\/v2\/users\/1"}],"replies":[{"embeddable":true,"href":"https:\/\/xtro-ateliers.de\/index.php\/wp-json\/wp\/v2\/comments?post=4781"}],"version-history":[{"count":22,"href":"https:\/\/xtro-ateliers.de\/index.php\/wp-json\/wp\/v2\/posts\/4781\/revisions"}],"predecessor-version":[{"id":4809,"href":"https:\/\/xtro-ateliers.de\/index.php\/wp-json\/wp\/v2\/posts\/4781\/revisions\/4809"}],"wp:featuredmedia":[{"embeddable":true,"href":"https:\/\/xtro-ateliers.de\/index.php\/wp-json\/wp\/v2\/media\/4783"}],"wp:attachment":[{"href":"https:\/\/xtro-ateliers.de\/index.php\/wp-json\/wp\/v2\/media?parent=4781"}],"wp:term":[{"taxonomy":"category","embeddable":true,"href":"https:\/\/xtro-ateliers.de\/index.php\/wp-json\/wp\/v2\/categories?post=4781"},{"taxonomy":"post_tag","embeddable":true,"href":"https:\/\/xtro-ateliers.de\/index.php\/wp-json\/wp\/v2\/tags?post=4781"}],"curies":[{"name":"wp","href":"https:\/\/api.w.org\/{rel}","templated":true}]}}